{"id":870025,"date":"2024-10-25T08:28:03","date_gmt":"2024-10-25T02:58:03","guid":{"rendered":"https:\/\/telecomlive.in\/web\/?p=870025"},"modified":"2024-10-25T08:28:03","modified_gmt":"2024-10-25T02:58:03","slug":"gsma-re-elects-telefonicas-alvarez-pallete-lopez-as-chair-airtels-gopal-vittal-as-deputy-chair-for-2025-26","status":"publish","type":"post","link":"https:\/\/telecomlive.in\/web\/2024\/10\/25\/gsma-re-elects-telefonicas-alvarez-pallete-lopez-as-chair-airtels-gopal-vittal-as-deputy-chair-for-2025-26\/","title":{"rendered":"GSMA re-elects Telefonica\u2019s \u00c1lvarez-Pallete L\u00f3pez as Chair, Airtel\u2019s Gopal Vittal as Deputy Chair for 2025-26"},"content":{"rendered":"<p>NEW DELHI: London-based telecom industry association GSMA has re-elected Jos\u00e9 Mar\u00eda Telefonica chief executive \u00c1lvarez-Pallete L\u00f3pez, as Chair, and Bharti Airtel\u2019s managing director and chief executive Gopal Vittal as Deputy Chair for a two-year term, starting January 1, 2025, through December 31, 2026.<\/p>\n","protected":false},"excerpt":{"rendered":"<p>NEW DELHI: London-based telecom industry association GSMA has re-elected Jos\u00e9 Mar\u00eda Telefonica chief executive \u00c1lvarez-Pallete L\u00f3pez, as Chair, and Bharti Airtel\u2019s managing director and chief executive Gopal Vittal as Deputy Chair for a two-year term, starting January 1, 2025, through December 31, 2026.<\/p>\n","protected":false},"author":10,"featured_media":0,"comment_status":"closed","ping_status":"closed","sticky":false,"template":"","format":"standard","meta":{"_acf_changed":false,"footnotes":""},"categories":[4,60,10],"tags":[],"class_list":["post-870025","post","type-post","status-publish","format-standard","hentry","category-newspapers","category-telecom-the-economic-times","category-the-economic-times"],"acf":[],"_links":{"self":[{"href":"https:\/\/telecomlive.in\/web\/wp-json\/wp\/v2\/posts\/870025","targetHints":{"allow":["GET"]}}],"collection":[{"href":"https:\/\/telecomlive.in\/web\/wp-json\/wp\/v2\/posts"}],"about":[{"href":"https:\/\/telecomlive.in\/web\/wp-json\/wp\/v2\/types\/post"}],"author":[{"embeddable":true,"href":"https:\/\/telecomlive.in\/web\/wp-json\/wp\/v2\/users\/10"}],"replies":[{"embeddable":true,"href":"https:\/\/telecomlive.in\/web\/wp-json\/wp\/v2\/comments?post=870025"}],"version-history":[{"count":0,"href":"https:\/\/telecomlive.in\/web\/wp-json\/wp\/v2\/posts\/870025\/revisions"}],"wp:attachment":[{"href":"https:\/\/telecomlive.in\/web\/wp-json\/wp\/v2\/media?parent=870025"}],"wp:term":[{"taxonomy":"category","embeddable":true,"href":"https:\/\/telecomlive.in\/web\/wp-json\/wp\/v2\/categories?post=870025"},{"taxonomy":"post_tag","embeddable":true,"href":"https:\/\/telecomlive.in\/web\/wp-json\/wp\/v2\/tags?post=870025"}],"curies":[{"name":"wp","href":"https:\/\/api.w.org\/{rel}","templated":true}]}}